{"id":2232,"date":"2024-05-28T14:10:00","date_gmt":"2024-05-28T14:10:00","guid":{"rendered":"https:\/\/www.ata-divisions.org\/PLD\/?p=2232"},"modified":"2024-06-21T21:13:25","modified_gmt":"2024-06-21T21:13:25","slug":"portuguese-as-a-heritage-language-a-conversation-with-regina-mccarthy","status":"publish","type":"post","link":"https:\/\/www.ata-divisions.org\/PLD\/2024\/05\/28\/portuguese-as-a-heritage-language-a-conversation-with-regina-mccarthy\/","title":{"rendered":"Portuguese as a Heritage Language: A Conversation with Regina McCarthy"},"content":{"rendered":"<p>In honor of International Mother Language Day, the PLD hosted a special event featuring <a href=\"https:\/\/www.linkedin.com\/in\/regina-pierantoni-mccarthy-970a7417\/\">Regina McCarthy<\/a>, an accomplished interpreter and translator, to share her insights on the importance of preserving Portuguese as a Heritage Language. Regina teaches Portuguese as a Heritage Language at the Brazilian Consulate and as a second language at the United Nations International School (UNIS) in NY.<\/p>\n<p>The Camoes Institute, the Brazilian Office of Foreign Affairs, and UNIS signed a memorandum of agreement aimed at promoting Portuguese as a polycentric language. Notably, Portuguese is spoken in nine different countries, each adding its unique variant and flavor to the language&#8217;s rich tapestry.<\/p>\n<p style=\"text-align: center;\">According to UN estimates, the global Portuguese-speaking population currently stands at 260 million and is projected to reach 400 million by 2050.<\/p>\n<p>Despite its status as the fifth most spoken language worldwide, Regina pointed out that many of her students are unaware of Portuguese&#8217;s global prevalence, and that&#8217;s why she advocates for its relevance, particularly as a Heritage Language.<\/p>\n<p style=\"text-align: center;\">\u201c<em>A l\u00edngua de heran\u00e7a \u00e9 um legado lingu\u00edstico e cultural levado pelos emigrantes <\/em><em>a outro pa\u00eds.\u201d \u2013 <\/em>Juliana Gomes e Andreia Moroni<\/p>\n<p>The concept of Heritage Language (HL) was first introduced in Canada in the 1970s, following the need to offer ESL courses to children of migrants who did not speak either of the country&#8217;s two official languages to aid their integration into the school system. In the 1990s, the term gained traction in the US, while in Brazil, it became popular earlier due to the Brazilian diaspora of the 1980s.<\/p>\n<p>Heritage Language refers to a minority language spoken within a family and community setting. Its preservation and dissemination depend on the collective efforts of family members, the community, educators, and the government. Beyond mere linguistic skills, HL encompasses family values and the culture of one&#8217;s country of origin. Specialists assert that fluency is not a prerequisite for an individual to identify with a heritage language culturally\u2014it forms an integral part of their identity, a right everyone should be entitled to.<\/p>\n<p>Regina, a Brazilian-born daughter of Italian migrants, illustrates this with her personal experience. Although her mother became fluent in Italian through extensive interaction with her family, she did not pass this fluency on to Regina. Despite this, McCarthy grew up with a solid connection to Italian culture and a profound sense of belonging, even though she speaks broken Italian.<\/p>\n<p>The linguistic development of HL contrasts sharply with that of a dominant language, which is often acquired through natural immersion. In contrast, exposure to an HL is generally limited to family and community interactions. Additionally, HL speakers typically acquire proficiency at varying rates, contributing to a marked linguistic heterogeneity within the same age group. Ms. McCarthy highlights this in her classroom, noting the wide disparity in fluency levels among her students\u2014some six-year-olds are highly verbal, while some nine-year-olds may scarcely speak.<\/p>\n<p>One significant challenge Regina faces is that while her students can speak Portuguese, their reading and writing skills often lag behind. This gap typically arises from a lack of structured literacy education or formal training in their HL.<\/p>\n<p>For instance, her daughter was only exposed to Portuguese speaking until the age of three, and English naturally became her dominant language in pre-school. Today, she remains fluent in Portuguese and is able to communicate well, but now lacks authenticity, displaying a predominant influence of English grammar and structure while formulating sentences in Portuguese.<\/p>\n<p>According to Ms. McCarthy, this is frequent among HL speakers and should not be censored or bluntly corrected. On the contrary, it should be embraced, and the use of heritage language stimulated. Parents should always try to answer using the HL, even when their children speak to them in their dominant language. The loss of fluency among HL speakers is a common factor with age. She reassures parents that even if children respond in English when spoken to in Portuguese, they are still absorbing aspects of the HL.<\/p>\n<p>Brazil&#8217;s Portuguese as a Heritage Language Olympics is an initiative launched by the Office of Foreign Affairs and promoted by the Guimar\u00e3es Rosa Institute in 2021. The Consulate-General of Brazil in NY has participated in all three editions. The contestant&#8217;s age group varies according to each unit of Guimaraes Institute; in New York, it targets children aged nine to ten and 13 to 15. Since promoting the language also entails acknowledging all the contestants and their efforts, all contestants receive a certificate of attendance and gifts.<\/p>\n<p>Reflecting on her experience with the HL Olympics, Regina notes that many children feel intimidated by writing and reading in Portuguese, but she believes it is essential to help them overcome these fears. &#8220;We do have to correct them, now and then, but in general, we simply allow them to speak; most importantly, it&#8217;s their own variant of the HL. They impart their own flavor to it,&#8221; she explains. That&#8217;s what she advocates for\u2014 a more democratic engagement with the language, celebrating each learner&#8217;s unique contribution to its evolution.<\/p>\n<p>The HL Olympics have proven to be very fruitful and effective in raising awareness among families and the broader community about the importance of preserving their HL. Regina highlights the new partnerships formed during the event and the opportunities to promote HL on social media and within the community.<\/p>\n<p>Ms. McCarthy has shared some helpful learning strategies to maximize exposure to Portuguese as an HL:<\/p>\n<ul>\n<li>Join activities sponsored by local consulates and partnering entities.<\/li>\n<li>At home and with relatives: exposure to songs, games, poetry, nursery rhymes, jokes, memes, and stories told in Portuguese.<\/li>\n<li>Visit libraries that offer books and DVDs in the HL.<\/li>\n<li>Have play dates with kids from the HL community.<\/li>\n<li>Attend community and holiday celebrations.<\/li>\n<li>Watch TV series, movies, and online videos.<\/li>\n<li>Search for organizations that promote the HL abroad, such as <em>Mala de Heran\u00e7a<\/em> (Germany), <em>N\u00f3s Brasileirinhos Pelo Mundo, <\/em>the daycare center<em> Girafas<\/em> (Brooklyn, NY), Speakaru (online), ABRACE, Mantena Global Care (Newark, NJ), Portuguese classes at Instituto Educacional Brasileiro \u2013 IEB (Long Branch, NJ).<\/li>\n<li>Watch <em>Portugu\u00eas Pela Estrada Afora,<\/em> a series on Instagram produced by the Brazilian Consulate General that she helped create.<\/li>\n<\/ul>\n<p>Regina also has shared a collection of valuable resources:<\/p>\n<ul>\n<li>Curricular Guidelines for Teaching Portuguese as a Heritage Language \u2013 designed by Funda\u00e7\u00e3o Alexandre de Gusm\u00e3o (FUNAG), available at: <a href=\"https:\/\/funag.gov.br\/biblioteca-nova\/categoria\/cat\/58\" target=\"_blank\" rel=\"noopener\">https:\/\/funag.gov.br\/biblioteca-nova\/categoria\/cat\/58<\/a><\/li>\n<li><a href=\"https:\/\/linguisticamcarlotarosa.wordpress.com\/2023\/06\/26\/lingua-de-heranca\" target=\"_blank\" rel=\"noopener\">https:\/\/linguisticamcarlotarosa.wordpress.com\/2023\/06\/26\/lingua-de-heranca<\/a><\/li>\n<li><a href=\"https:\/\/wp.ufpel.edu.br\/tesouro-linguistico\/2021\/12\/29\/o-que-e-uma-lingua-de-heranca\/\" target=\"_blank\" rel=\"noopener\">https:\/\/wp.ufpel.edu.br\/tesouro-linguistico\/2021\/12\/29\/o-que-e-uma-lingua-de-heranca\/<\/a><\/li>\n<li><a href=\"https:\/\/www.academia.edu\/17008534\/O_portugu%C3%AAs_como_l%C3%ADngua_de_heran%C3%A7a_hoje_e_o_papel_da_Associa%C3%A7%C3%A3o_de_Pais_de_Brasileirinhos_na_Catalunha?uc-g-sw=40821589\" target=\"_blank\" rel=\"noopener\">O portugu\u00eas como l\u00edngua de heran\u00e7a hoje e o papel da Associa\u00e7\u00e3o de Pais de Brasileirinhos na Catalunha<\/a><\/li>\n<li><a href=\"https:\/\/funag.gov.br\/biblioteca-nova\/categoria\/cat\/58\" target=\"_blank\" rel=\"noopener\">https:\/\/funag.gov.br\/biblioteca-nova\/categoria\/cat\/58<\/a><\/li>\n<li><em>Portugu\u00eas como L\u00edngua de Heran\u00e7a na Catalunha<\/em>: <em>Representa\u00e7\u00f5es sobre Identifica\u00e7\u00e3o, Profici\u00eancia e Afetividade:<\/em> <a href=\"https:\/\/www.academia.edu\/104018575\/Portugu%C3%AAs_como_l%C3%ADngua_de_heran%C3%A7a_na_Catalunha\" target=\"_blank\" rel=\"noopener\">https:\/\/www.academia.edu\/104018575\/Portugu%C3%AAs_como_l%C3%ADngua_de_heran%C3%A7a_na_Catalunha<\/a><\/li>\n<li><em>Palavras ao Mar<\/em>, by Claudia Nina: <a href=\"https:\/\/www.brazilianculturalinstitute.fi\/palavras-ao-mar\/\" target=\"_blank\" rel=\"noopener\"><em>https:\/\/www.brazilianculturalinstitute.fi\/palavras-ao-mar\/<\/em><\/a><\/li>\n<li><em>Ciranda Cirandinhas: Vamos todos ler e escrever<\/em>, by Felicia Jennings-Winterle<\/li>\n<li><em>Vamos falar portugu\u00eas!, <\/em>by Anna Claudia Ramos e Susanna Florissi \u2013 Ilustra\u00e7\u00f5es de Mauricio de Sousa<\/li>\n<li><em>Brasileirinho: Portugu\u00eas para Crian\u00e7as e Pr\u00e9-Adolescentes<\/em>, by Claudenir Gon\u00e7alves<\/li>\n<\/ul>\n<hr \/>\n<h3><strong>ABOUT THE AUTHOR &#8211; <a href=\"https:\/\/www.linkedin.com\/in\/elenice-araujo-75517812\/\" target=\"_blank\" rel=\"noopener\">Elenice Ara\u00fajo<\/a><\/strong><\/h3>\n<h3><img loading=\"lazy\" decoding=\"async\" class=\"alignleft wp-image-2036\" src=\"https:\/\/www.ata-divisions.org\/PLD\/wp-content\/uploads\/2024\/01\/PLD-LC-Elenice-Araujo-150x150.jpg\" alt=\"\" width=\"150\" height=\"150\" srcset=\"https:\/\/www.ata-divisions.org\/PLD\/wp-content\/uploads\/2024\/01\/PLD-LC-Elenice-Araujo-150x150.jpg 150w, https:\/\/www.ata-divisions.org\/PLD\/wp-content\/uploads\/2024\/01\/PLD-LC-Elenice-Araujo-100x100.jpg 100w\" sizes=\"auto, (max-width: 150px) 100vw, 150px\" \/><\/h3>\n<p><em>Elenice is a certified EN&lt;&gt;Br-PT translator, editor and proofreader. She holds a certificate in Translation and Interpreting Studies and a B.A. in Education. In her 22 years of experience as a professional translator, she has translated many fiction and non-fiction books in a variety of subjects. She specializes in food and nutrition, education, humanities, editorial content, and corporate marketing.<\/em><\/p>\n","protected":false},"excerpt":{"rendered":"<p>In honor of International Mother Language Day, the PLD hosted a special event featuring Regina McCarthy, an accomplished interpreter and translator, to share her insights on the importance of preserving Portuguese as a Heritage Language. Regina teaches Portuguese as a Heritage Language at the Brazilian Consulate and as a second language at the United Nations [&hellip;]<\/p>\n","protected":false},"author":4,"featured_media":0,"comment_status":"open","ping_status":"open","sticky":false,"template":"","format":"standard","meta":{"_monsterinsights_skip_tracking":false,"_monsterinsights_sitenote_active":false,"_monsterinsights_sitenote_note":"","_monsterinsights_sitenote_category":0,"_genesis_hide_title":false,"_genesis_hide_breadcrumbs":false,"_genesis_hide_singular_image":false,"_genesis_hide_footer_widgets":false,"_genesis_custom_body_class":"","_genesis_custom_post_class":"","_genesis_layout":"","footnotes":""},"categories":[4,5,6],"tags":[],"class_list":{"0":"post-2232","1":"post","2":"type-post","3":"status-publish","4":"format-standard","6":"category-blog-posts","7":"category-dicas-de-colegas","8":"category-education-and-awareness","9":"entry"},"jetpack_featured_media_url":"","_links":{"self":[{"href":"https:\/\/www.ata-divisions.org\/PLD\/wp-json\/wp\/v2\/posts\/2232","targetHints":{"allow":["GET"]}}],"collection":[{"href":"https:\/\/www.ata-divisions.org\/PLD\/wp-json\/wp\/v2\/posts"}],"about":[{"href":"https:\/\/www.ata-divisions.org\/PLD\/wp-json\/wp\/v2\/types\/post"}],"author":[{"embeddable":true,"href":"https:\/\/www.ata-divisions.org\/PLD\/wp-json\/wp\/v2\/users\/4"}],"replies":[{"embeddable":true,"href":"https:\/\/www.ata-divisions.org\/PLD\/wp-json\/wp\/v2\/comments?post=2232"}],"version-history":[{"count":9,"href":"https:\/\/www.ata-divisions.org\/PLD\/wp-json\/wp\/v2\/posts\/2232\/revisions"}],"predecessor-version":[{"id":2315,"href":"https:\/\/www.ata-divisions.org\/PLD\/wp-json\/wp\/v2\/posts\/2232\/revisions\/2315"}],"wp:attachment":[{"href":"https:\/\/www.ata-divisions.org\/PLD\/wp-json\/wp\/v2\/media?parent=2232"}],"wp:term":[{"taxonomy":"category","embeddable":true,"href":"https:\/\/www.ata-divisions.org\/PLD\/wp-json\/wp\/v2\/categories?post=2232"},{"taxonomy":"post_tag","embeddable":true,"href":"https:\/\/www.ata-divisions.org\/PLD\/wp-json\/wp\/v2\/tags?post=2232"}],"curies":[{"name":"wp","href":"https:\/\/api.w.org\/{rel}","templated":true}]}}